{"id":26316,"date":"2025-10-15T16:44:04","date_gmt":"2025-10-15T14:44:04","guid":{"rendered":"https:\/\/blickphotographie.fr\/?p=26316"},"modified":"2025-11-14T11:08:56","modified_gmt":"2025-11-14T10:08:56","slug":"ecole-de-vovray-en-borne","status":"publish","type":"post","link":"https:\/\/blickphotographie.fr\/index.php\/2025\/10\/15\/ecole-de-vovray-en-borne\/","title":{"rendered":"Ecole de Vovray-en-Borne"},"content":{"rendered":"<section data-vc-full-width=\"true\" data-vc-full-width-init=\"false\" data-vc-stretch-content=\"true\" class=\"vc_row wpb_row vc_row-fluid  vc_custom_1762763529939 vc_row-has-fill pofo-stretch-content vc_row-no-padding\"><div class=\"wpb_column vc_column_container vc_col-sm-12  col-xs-mobile-fullwidth\"><div class=\"vc_column-inner \"><div class=\"wpb_wrapper\"><div id=\"pofo-image-slider-1\" class=\"swiper-container height-100 width-100 pofo-image-style10 pofo-image-slider-1  pofo-slider10 pofo-slider10-1\" data-slider-options=\"{&quot;keyboard&quot;:true,&quot;slidesPerView&quot;:1,&quot;autoplay&quot;:false}\"><div class=\"swiper-wrapper\"><div class=\"swiper-slide cover-background bg-image-srcset\" style=\"background-image:url(https:\/\/blickphotographie.fr\/wp-content\/uploads\/2025\/10\/magenta.png)\" data-bg-srcset=\"https:\/\/blickphotographie.fr\/wp-content\/uploads\/2025\/10\/magenta.png 1234w, https:\/\/blickphotographie.fr\/wp-content\/uploads\/2025\/10\/magenta-300x82.png 300w, https:\/\/blickphotographie.fr\/wp-content\/uploads\/2025\/10\/magenta-1024x281.png 1024w, https:\/\/blickphotographie.fr\/wp-content\/uploads\/2025\/10\/magenta-768x211.png 768w, https:\/\/blickphotographie.fr\/wp-content\/uploads\/2025\/10\/magenta-1200x330.png 1200w, https:\/\/blickphotographie.fr\/wp-content\/uploads\/2025\/10\/magenta-120x33.png 120w, https:\/\/blickphotographie.fr\/wp-content\/uploads\/2025\/10\/magenta-81x22.png 81w, https:\/\/blickphotographie.fr\/wp-content\/uploads\/2025\/10\/magenta-600x165.png 600w\"><div class=\"container position-relative height-100\"><div class=\"slider-typography text-center\"><div class=\"slider-text-middle-main\"><div class=\"slider-text-middle\"><div class=\"alt-font text-white font-weight-700 letter-spacing-minus-1 margin-two-bottom center-col sm-margin-four-bottom xs-margin-15px-bottom xs-letter-spacing-0 word-wrap width-60 md-width-65 xs-width-90 title-large\"><h3><strong>Atelier<strong><h3><\/div><\/div><\/div><\/div><\/div><\/div><\/div><\/div><\/div><\/div><\/div><\/section><div class=\"vc_row-full-width vc_clearfix\"><\/div><section class=\"vc_row wpb_row vc_row-fluid\"><div class=\"wpb_column vc_column_container vc_col-sm-4  col-xs-mobile-fullwidth\"><div class=\"vc_column-inner \"><div class=\"wpb_wrapper\"><div class=\"last-paragraph-no-margin\"><p>Dans le cadre du projet D\u00e9(s)Rives, <a href=\"https:\/\/chloecolin.fr\"><strong><span style=\"text-decoration: underline; color: blue;\">Chlo\u00e9 Colin<\/span><\/strong><\/a> et <a href=\"https:\/\/loicxavier.com\"><strong><span style=\"text-decoration: underline; color: blue;\">Lo\u00efc Xavier<\/span><\/strong><\/a> ont mis en place un atelier avec le groupe scolaire Le Sappey Vovray en Borne, en partenariat avec Syr&rsquo;Usses et la Compagnie Nationale du Rh\u00f4ne. Les enfants de la petite section de maternelle au CM2 ont invent\u00e9 avec leur ma\u00eetresse une histoire\u00a0 se d\u00e9roulant le long d&rsquo;une rivi\u00e8re. Ils ont cr\u00e9\u00e9 leurs personnages en collages. Les artistes de l&rsquo;association Blick Photographie ont amen\u00e9 les enfants \u00e0 photographier les d\u00e9cors de leur histoire le long de la rivi\u00e8re des Usses et ont cr\u00e9\u00e9 la forme visuelle de l&rsquo;histoire.<\/p>\n<\/div><\/div><\/div><\/div><div class=\"wpb_column vc_column_container vc_col-sm-4  col-xs-mobile-fullwidth\"><div class=\"vc_column-inner \"><div class=\"wpb_wrapper\">[vc_single_image image=\u00a0\u00bb26317&Prime; img_size=\u00a0\u00bbfull\u00a0\u00bb]<\/div><\/div><\/div><div class=\"wpb_column vc_column_container vc_col-sm-4  col-xs-mobile-fullwidth\"><div class=\"vc_column-inner \"><div class=\"wpb_wrapper\">[vc_cta h2=\u00a0\u00bb\u00a0\u00bb style=\u00a0\u00bbcustom\u00a0\u00bb custom_background=\u00a0\u00bb#db32db\u00a0\u00bb]<span style=\"color: #ffffff;\"><strong>Atelier<\/strong><\/span><\/p>\n<p><span style=\"color: #ffffff;\">D\u00e9\/s\/rives et ses histoires<\/span><\/p>\n<p><span style=\"color: #ffffff;\"><strong>Lieu<\/strong><\/span><\/p>\n<p><span style=\"color: #ffffff;\">Le Sappey Vovray en Borne<br \/>\n<\/span><\/p>\n<p><span style=\"color: #ffffff;\"><strong>Intervenants<\/strong><\/span><\/p>\n<p><span style=\"color: #ffffff;\">Chlo\u00e9 Colin et Loic Xavier<\/span><\/p>\n<p><span style=\"color: #ffffff;\"><strong>Financeur<\/strong><\/span><\/p>\n<p><span style=\"color: #ffffff;\">Syr&rsquo;Usses<\/span><br \/>\n<span style=\"color: #ffffff;\">La Compagnie Nationale du Rh\u00f4ne<\/span>[\/vc_cta]<\/div><\/div><\/div><div class=\"wpb_column vc_column_container vc_col-sm-12  col-xs-mobile-fullwidth\"><div class=\"vc_column-inner \"><div class=\"wpb_wrapper\">[vc_empty_space][vc_empty_space][vc_gallery type=\u00a0\u00bbimage_grid\u00a0\u00bb images=\u00a0\u00bb26320,26325,26319,26318,26324,26326&Prime; img_size=\u00a0\u00bbmedium\u00a0\u00bb css=\u00a0\u00bb.vc_custom_1760947124935{padding-left: 100px !important;}\u00a0\u00bb]<\/div><\/div><\/div><\/section>\n","protected":false},"excerpt":{"rendered":"AtelierDans le cadre du projet D\u00e9(s)Rives, Chlo\u00e9 Colin et Lo\u00efc Xavier ont mis en place un atelier avec le groupe scolaire Le Sappey Vovray en Borne, en partenariat avec Syr'Usses et la Compagnie Nationale du Rh\u00f4ne. Les enfants de la petite section de maternelle au CM2 ont invent\u00e9 avec leur ma\u00eetresse une histoire\u00a0 se d\u00e9roulant le long d'une rivi\u00e8re. Ils ont cr\u00e9\u00e9 leurs personnages en collages. Les artistes de l'association Blick Photographie ont amen\u00e9 les enfants \u00e0 photographier les d\u00e9cors de leur histoire le long de la rivi\u00e8re des Usses et ont cr\u00e9\u00e9 la forme visuelle de l'histoire. [vc_single_image image=\"26317\" img_size=\"full\"][vc_cta h2=\"\" style=\"custom\" custom_background=\"#db32db\"]Atelier D\u00e9\/s\/rives et ses histoires Lieu Le Sappey Vovray en Borne Intervenants Chlo\u00e9 Colin et Loic Xavier Financeur Syr'Usses La Compagnie Nationale du Rh\u00f4ne[\/vc_cta][vc_empty_space][vc_empty_space][vc_gallery type=\"image_grid\" images=\"26320,26325,26319,26318,26324,26326\" img_size=\"medium\" css=\".vc_custom_1760947124935{padding-left: 100px !important;}\"]","protected":false},"author":1,"featured_media":26319,"comment_status":"closed","ping_status":"open","sticky":false,"template":"","format":"standard","meta":[],"categories":[8],"tags":[175,110,195,238,197,237,161,162,239],"yoast_head":"<!-- This site is optimized with the Yoast SEO plugin v20.6 - https:\/\/yoast.com\/wordpress\/plugins\/seo\/ -->\n<title>Ecole de Vovray-en-Borne - Blick Photographie<\/title>\n<meta name=\"robots\" content=\"index, follow, max-snippet:-1, max-image-preview:large, max-video-preview:-1\" \/>\n<link rel=\"canonical\" href=\"https:\/\/blickphotographie.fr\/index.php\/2025\/10\/15\/ecole-de-vovray-en-borne\/\" \/>\n<meta property=\"og:locale\" content=\"fr_FR\" \/>\n<meta property=\"og:type\" content=\"article\" \/>\n<meta property=\"og:title\" content=\"Ecole de Vovray-en-Borne - Blick Photographie\" \/>\n<meta property=\"og:url\" content=\"https:\/\/blickphotographie.fr\/index.php\/2025\/10\/15\/ecole-de-vovray-en-borne\/\" \/>\n<meta property=\"og:site_name\" content=\"Blick Photographie\" \/>\n<meta property=\"article:published_time\" content=\"2025-10-15T14:44:04+00:00\" \/>\n<meta property=\"article:modified_time\" content=\"2025-11-14T10:08:56+00:00\" \/>\n<meta property=\"og:image\" content=\"https:\/\/blickphotographie.fr\/wp-content\/uploads\/2025\/10\/Capture-decran-2025-10-15-163752.png\" \/>\n\t<meta property=\"og:image:width\" content=\"605\" \/>\n\t<meta property=\"og:image:height\" content=\"423\" \/>\n\t<meta property=\"og:image:type\" content=\"image\/png\" \/>\n<meta name=\"author\" content=\"admin8175\" \/>\n<meta name=\"twitter:card\" content=\"summary_large_image\" \/>\n<meta name=\"twitter:label1\" content=\"\u00c9crit par\" \/>\n\t<meta name=\"twitter:data1\" content=\"admin8175\" \/>\n\t<meta name=\"twitter:label2\" content=\"Dur\u00e9e de lecture estim\u00e9e\" \/>\n\t<meta name=\"twitter:data2\" content=\"1 minute\" \/>\n<script type=\"application\/ld+json\" class=\"yoast-schema-graph\">{\"@context\":\"https:\/\/schema.org\",\"@graph\":[{\"@type\":\"Article\",\"@id\":\"https:\/\/blickphotographie.fr\/index.php\/2025\/10\/15\/ecole-de-vovray-en-borne\/#article\",\"isPartOf\":{\"@id\":\"https:\/\/blickphotographie.fr\/index.php\/2025\/10\/15\/ecole-de-vovray-en-borne\/\"},\"author\":{\"name\":\"admin8175\",\"@id\":\"https:\/\/blickphotographie.fr\/#\/schema\/person\/92762c5266ee31dd124449e34c3a3b5a\"},\"headline\":\"Ecole de Vovray-en-Borne\",\"datePublished\":\"2025-10-15T14:44:04+00:00\",\"dateModified\":\"2025-11-14T10:08:56+00:00\",\"mainEntityOfPage\":{\"@id\":\"https:\/\/blickphotographie.fr\/index.php\/2025\/10\/15\/ecole-de-vovray-en-borne\/\"},\"wordCount\":300,\"publisher\":{\"@id\":\"https:\/\/blickphotographie.fr\/#organization\"},\"keywords\":[\"Atelier\",\"blick\",\"blick photographie\",\"Compagnie Nationale du Rh\u00f4ne\",\"d\u00e9rives\",\"Ecole de Vovray-en-Borne\",\"fleuve\",\"Rh\u00f4ne\",\"rivi\u00e8res des Usses\"],\"articleSection\":[\"Atelier\"],\"inLanguage\":\"fr-FR\"},{\"@type\":\"WebPage\",\"@id\":\"https:\/\/blickphotographie.fr\/index.php\/2025\/10\/15\/ecole-de-vovray-en-borne\/\",\"url\":\"https:\/\/blickphotographie.fr\/index.php\/2025\/10\/15\/ecole-de-vovray-en-borne\/\",\"name\":\"Ecole de Vovray-en-Borne - Blick Photographie\",\"isPartOf\":{\"@id\":\"https:\/\/blickphotographie.fr\/#website\"},\"datePublished\":\"2025-10-15T14:44:04+00:00\",\"dateModified\":\"2025-11-14T10:08:56+00:00\",\"breadcrumb\":{\"@id\":\"https:\/\/blickphotographie.fr\/index.php\/2025\/10\/15\/ecole-de-vovray-en-borne\/#breadcrumb\"},\"inLanguage\":\"fr-FR\",\"potentialAction\":[{\"@type\":\"ReadAction\",\"target\":[\"https:\/\/blickphotographie.fr\/index.php\/2025\/10\/15\/ecole-de-vovray-en-borne\/\"]}]},{\"@type\":\"BreadcrumbList\",\"@id\":\"https:\/\/blickphotographie.fr\/index.php\/2025\/10\/15\/ecole-de-vovray-en-borne\/#breadcrumb\",\"itemListElement\":[{\"@type\":\"ListItem\",\"position\":1,\"name\":\"Accueil\",\"item\":\"https:\/\/blickphotographie.fr\/\"},{\"@type\":\"ListItem\",\"position\":2,\"name\":\"Ecole de Vovray-en-Borne\"}]},{\"@type\":\"WebSite\",\"@id\":\"https:\/\/blickphotographie.fr\/#website\",\"url\":\"https:\/\/blickphotographie.fr\/\",\"name\":\"Blick Photographie\",\"description\":\"\",\"publisher\":{\"@id\":\"https:\/\/blickphotographie.fr\/#organization\"},\"potentialAction\":[{\"@type\":\"SearchAction\",\"target\":{\"@type\":\"EntryPoint\",\"urlTemplate\":\"https:\/\/blickphotographie.fr\/?s={search_term_string}\"},\"query-input\":\"required name=search_term_string\"}],\"inLanguage\":\"fr-FR\"},{\"@type\":\"Organization\",\"@id\":\"https:\/\/blickphotographie.fr\/#organization\",\"name\":\"Blick Photographie\",\"url\":\"https:\/\/blickphotographie.fr\/\",\"logo\":{\"@type\":\"ImageObject\",\"inLanguage\":\"fr-FR\",\"@id\":\"https:\/\/blickphotographie.fr\/#\/schema\/logo\/image\/\",\"url\":\"https:\/\/blickphotographie.fr\/wp-content\/uploads\/2021\/10\/cropped-Logo-Site-Web-Seul.jpg\",\"contentUrl\":\"https:\/\/blickphotographie.fr\/wp-content\/uploads\/2021\/10\/cropped-Logo-Site-Web-Seul.jpg\",\"width\":139,\"height\":150,\"caption\":\"Blick Photographie\"},\"image\":{\"@id\":\"https:\/\/blickphotographie.fr\/#\/schema\/logo\/image\/\"}},{\"@type\":\"Person\",\"@id\":\"https:\/\/blickphotographie.fr\/#\/schema\/person\/92762c5266ee31dd124449e34c3a3b5a\",\"name\":\"admin8175\",\"image\":{\"@type\":\"ImageObject\",\"inLanguage\":\"fr-FR\",\"@id\":\"https:\/\/blickphotographie.fr\/#\/schema\/person\/image\/\",\"url\":\"https:\/\/secure.gravatar.com\/avatar\/51218f7e9ab6b8d77ba7213a9aa3856c?s=96&d=mm&r=g\",\"contentUrl\":\"https:\/\/secure.gravatar.com\/avatar\/51218f7e9ab6b8d77ba7213a9aa3856c?s=96&d=mm&r=g\",\"caption\":\"admin8175\"},\"sameAs\":[\"http:\/\/blickphotographie.fr\"],\"url\":\"https:\/\/blickphotographie.fr\/index.php\/author\/admin8175\/\"}]}<\/script>\n<!-- \/ Yoast SEO plugin. -->","yoast_head_json":{"title":"Ecole de Vovray-en-Borne - Blick Photographie","robots":{"index":"index","follow":"follow","max-snippet":"max-snippet:-1","max-image-preview":"max-image-preview:large","max-video-preview":"max-video-preview:-1"},"canonical":"https:\/\/blickphotographie.fr\/index.php\/2025\/10\/15\/ecole-de-vovray-en-borne\/","og_locale":"fr_FR","og_type":"article","og_title":"Ecole de Vovray-en-Borne - Blick Photographie","og_url":"https:\/\/blickphotographie.fr\/index.php\/2025\/10\/15\/ecole-de-vovray-en-borne\/","og_site_name":"Blick Photographie","article_published_time":"2025-10-15T14:44:04+00:00","article_modified_time":"2025-11-14T10:08:56+00:00","og_image":[{"width":605,"height":423,"url":"https:\/\/blickphotographie.fr\/wp-content\/uploads\/2025\/10\/Capture-decran-2025-10-15-163752.png","type":"image\/png"}],"author":"admin8175","twitter_card":"summary_large_image","twitter_misc":{"\u00c9crit par":"admin8175","Dur\u00e9e de lecture estim\u00e9e":"1 minute"},"schema":{"@context":"https:\/\/schema.org","@graph":[{"@type":"Article","@id":"https:\/\/blickphotographie.fr\/index.php\/2025\/10\/15\/ecole-de-vovray-en-borne\/#article","isPartOf":{"@id":"https:\/\/blickphotographie.fr\/index.php\/2025\/10\/15\/ecole-de-vovray-en-borne\/"},"author":{"name":"admin8175","@id":"https:\/\/blickphotographie.fr\/#\/schema\/person\/92762c5266ee31dd124449e34c3a3b5a"},"headline":"Ecole de Vovray-en-Borne","datePublished":"2025-10-15T14:44:04+00:00","dateModified":"2025-11-14T10:08:56+00:00","mainEntityOfPage":{"@id":"https:\/\/blickphotographie.fr\/index.php\/2025\/10\/15\/ecole-de-vovray-en-borne\/"},"wordCount":300,"publisher":{"@id":"https:\/\/blickphotographie.fr\/#organization"},"keywords":["Atelier","blick","blick photographie","Compagnie Nationale du Rh\u00f4ne","d\u00e9rives","Ecole de Vovray-en-Borne","fleuve","Rh\u00f4ne","rivi\u00e8res des Usses"],"articleSection":["Atelier"],"inLanguage":"fr-FR"},{"@type":"WebPage","@id":"https:\/\/blickphotographie.fr\/index.php\/2025\/10\/15\/ecole-de-vovray-en-borne\/","url":"https:\/\/blickphotographie.fr\/index.php\/2025\/10\/15\/ecole-de-vovray-en-borne\/","name":"Ecole de Vovray-en-Borne - Blick Photographie","isPartOf":{"@id":"https:\/\/blickphotographie.fr\/#website"},"datePublished":"2025-10-15T14:44:04+00:00","dateModified":"2025-11-14T10:08:56+00:00","breadcrumb":{"@id":"https:\/\/blickphotographie.fr\/index.php\/2025\/10\/15\/ecole-de-vovray-en-borne\/#breadcrumb"},"inLanguage":"fr-FR","potentialAction":[{"@type":"ReadAction","target":["https:\/\/blickphotographie.fr\/index.php\/2025\/10\/15\/ecole-de-vovray-en-borne\/"]}]},{"@type":"BreadcrumbList","@id":"https:\/\/blickphotographie.fr\/index.php\/2025\/10\/15\/ecole-de-vovray-en-borne\/#breadcrumb","itemListElement":[{"@type":"ListItem","position":1,"name":"Accueil","item":"https:\/\/blickphotographie.fr\/"},{"@type":"ListItem","position":2,"name":"Ecole de Vovray-en-Borne"}]},{"@type":"WebSite","@id":"https:\/\/blickphotographie.fr\/#website","url":"https:\/\/blickphotographie.fr\/","name":"Blick Photographie","description":"","publisher":{"@id":"https:\/\/blickphotographie.fr\/#organization"},"potentialAction":[{"@type":"SearchAction","target":{"@type":"EntryPoint","urlTemplate":"https:\/\/blickphotographie.fr\/?s={search_term_string}"},"query-input":"required name=search_term_string"}],"inLanguage":"fr-FR"},{"@type":"Organization","@id":"https:\/\/blickphotographie.fr\/#organization","name":"Blick Photographie","url":"https:\/\/blickphotographie.fr\/","logo":{"@type":"ImageObject","inLanguage":"fr-FR","@id":"https:\/\/blickphotographie.fr\/#\/schema\/logo\/image\/","url":"https:\/\/blickphotographie.fr\/wp-content\/uploads\/2021\/10\/cropped-Logo-Site-Web-Seul.jpg","contentUrl":"https:\/\/blickphotographie.fr\/wp-content\/uploads\/2021\/10\/cropped-Logo-Site-Web-Seul.jpg","width":139,"height":150,"caption":"Blick Photographie"},"image":{"@id":"https:\/\/blickphotographie.fr\/#\/schema\/logo\/image\/"}},{"@type":"Person","@id":"https:\/\/blickphotographie.fr\/#\/schema\/person\/92762c5266ee31dd124449e34c3a3b5a","name":"admin8175","image":{"@type":"ImageObject","inLanguage":"fr-FR","@id":"https:\/\/blickphotographie.fr\/#\/schema\/person\/image\/","url":"https:\/\/secure.gravatar.com\/avatar\/51218f7e9ab6b8d77ba7213a9aa3856c?s=96&d=mm&r=g","contentUrl":"https:\/\/secure.gravatar.com\/avatar\/51218f7e9ab6b8d77ba7213a9aa3856c?s=96&d=mm&r=g","caption":"admin8175"},"sameAs":["http:\/\/blickphotographie.fr"],"url":"https:\/\/blickphotographie.fr\/index.php\/author\/admin8175\/"}]}},"_links":{"self":[{"href":"https:\/\/blickphotographie.fr\/index.php\/wp-json\/wp\/v2\/posts\/26316"}],"collection":[{"href":"https:\/\/blickphotographie.fr\/index.php\/wp-json\/wp\/v2\/posts"}],"about":[{"href":"https:\/\/blickphotographie.fr\/index.php\/wp-json\/wp\/v2\/types\/post"}],"author":[{"embeddable":true,"href":"https:\/\/blickphotographie.fr\/index.php\/wp-json\/wp\/v2\/users\/1"}],"replies":[{"embeddable":true,"href":"https:\/\/blickphotographie.fr\/index.php\/wp-json\/wp\/v2\/comments?post=26316"}],"version-history":[{"count":9,"href":"https:\/\/blickphotographie.fr\/index.php\/wp-json\/wp\/v2\/posts\/26316\/revisions"}],"predecessor-version":[{"id":27811,"href":"https:\/\/blickphotographie.fr\/index.php\/wp-json\/wp\/v2\/posts\/26316\/revisions\/27811"}],"wp:featuredmedia":[{"embeddable":true,"href":"https:\/\/blickphotographie.fr\/index.php\/wp-json\/wp\/v2\/media\/26319"}],"wp:attachment":[{"href":"https:\/\/blickphotographie.fr\/index.php\/wp-json\/wp\/v2\/media?parent=26316"}],"wp:term":[{"taxonomy":"category","embeddable":true,"href":"https:\/\/blickphotographie.fr\/index.php\/wp-json\/wp\/v2\/categories?post=26316"},{"taxonomy":"post_tag","embeddable":true,"href":"https:\/\/blickphotographie.fr\/index.php\/wp-json\/wp\/v2\/tags?post=26316"}],"curies":[{"name":"wp","href":"https:\/\/api.w.org\/{rel}","templated":true}]}}