{"id":26331,"date":"2025-10-15T18:01:46","date_gmt":"2025-10-15T16:01:46","guid":{"rendered":"https:\/\/blickphotographie.fr\/?p=26331"},"modified":"2025-11-14T11:19:35","modified_gmt":"2025-11-14T10:19:35","slug":"lycee-fernand-forrest-saint-priest-2-4","status":"publish","type":"post","link":"https:\/\/blickphotographie.fr\/index.php\/2025\/10\/15\/lycee-fernand-forrest-saint-priest-2-4\/","title":{"rendered":"Coll\u00e8ge Saint-Anne Fran\u00e7ois d&rsquo;Assise"},"content":{"rendered":"<section data-vc-full-width=\"true\" data-vc-full-width-init=\"false\" data-vc-stretch-content=\"true\" class=\"vc_row wpb_row vc_row-fluid  vc_custom_1762765108040 vc_row-has-fill pofo-stretch-content vc_row-no-padding\"><div class=\"wpb_column vc_column_container vc_col-sm-12  col-xs-mobile-fullwidth\"><div class=\"vc_column-inner \"><div class=\"wpb_wrapper\"><div id=\"pofo-image-slider-1\" class=\"swiper-container height-100 width-100 pofo-image-style10 pofo-image-slider-1  pofo-slider10 pofo-slider10-1\" data-slider-options=\"{&quot;keyboard&quot;:true,&quot;slidesPerView&quot;:1,&quot;autoplay&quot;:false}\"><div class=\"swiper-wrapper\"><div class=\"swiper-slide cover-background bg-image-srcset\" style=\"background-image:url(https:\/\/blickphotographie.fr\/wp-content\/uploads\/2025\/10\/magenta.png)\" data-bg-srcset=\"https:\/\/blickphotographie.fr\/wp-content\/uploads\/2025\/10\/magenta.png 1234w, https:\/\/blickphotographie.fr\/wp-content\/uploads\/2025\/10\/magenta-300x82.png 300w, https:\/\/blickphotographie.fr\/wp-content\/uploads\/2025\/10\/magenta-1024x281.png 1024w, https:\/\/blickphotographie.fr\/wp-content\/uploads\/2025\/10\/magenta-768x211.png 768w, https:\/\/blickphotographie.fr\/wp-content\/uploads\/2025\/10\/magenta-1200x330.png 1200w, https:\/\/blickphotographie.fr\/wp-content\/uploads\/2025\/10\/magenta-120x33.png 120w, https:\/\/blickphotographie.fr\/wp-content\/uploads\/2025\/10\/magenta-81x22.png 81w, https:\/\/blickphotographie.fr\/wp-content\/uploads\/2025\/10\/magenta-600x165.png 600w\"><div class=\"container position-relative height-100\"><div class=\"slider-typography text-center\"><div class=\"slider-text-middle-main\"><div class=\"slider-text-middle\"><div class=\"alt-font text-white font-weight-700 letter-spacing-minus-1 margin-two-bottom center-col sm-margin-four-bottom xs-margin-15px-bottom xs-letter-spacing-0 word-wrap width-60 md-width-65 xs-width-90 title-large\"><h3><strong>Atelier<strong><h3><\/div><\/div><\/div><\/div><\/div><\/div><\/div><\/div><\/div><\/div><\/div><\/section><div class=\"vc_row-full-width vc_clearfix\"><\/div><section class=\"vc_row wpb_row vc_row-fluid  vc_custom_1763045590443 vc_row-has-fill\"><div class=\"wpb_column vc_column_container vc_col-sm-12  col-xs-mobile-fullwidth\"><div class=\"vc_column-inner \"><div class=\"wpb_wrapper\"><div class=\"last-paragraph-no-margin\"><h6>D\u00e9\/s\/rives &#8211; Photographies \u00e0 l&rsquo;argentique le long de la loire.<\/h6>\n<\/div><\/div><\/div><\/div><div class=\"wpb_column vc_column_container vc_col-sm-8  col-xs-mobile-fullwidth\"><div class=\"vc_column-inner \"><div class=\"wpb_wrapper\"><div class=\"last-paragraph-no-margin\"><p>R\u00e9aliser un projet artistique autour du fleuve, permet de questionner sa perception au monde et \u00e0 l\u2019environnement qui nous entoure. L\u2019art travaille la r\u00e9alit\u00e9 existante par le surgissement d\u2019un nouveau signifiant. D\u2019une rive \u00e0 l\u2019autre du fleuve, le Rh\u00f4ne constitue dans toute sa longueur une fronti\u00e8re, une limite de communes, de d\u00e9partements, de r\u00e9gions, voire d\u2019\u00c9tats. Au d\u00e9but du XIX\u00e8me\u00a0si\u00e8cle, il n\u2019existait que 14 ponts entre Gen\u00e8ve et la M\u00e9diterran\u00e9e. Fleuve connu pour sa puissance, sa travers\u00e9e \u00e9tait historiquement p\u00e9rilleuse. Aujourd\u2019hui, franchir le Rh\u00f4ne semble \u00eatre une formalit\u00e9. Le courant fort et continu a c\u00e9d\u00e9 place \u00e0 des tron\u00e7ons presque plats s\u00e9par\u00e9s par des barrages et autres usines hydro\u00e9lectriques, \u00e0 tel point qu\u2019on parle de Rh\u00f4ne domestiqu\u00e9, peut \u00eatre par opposition \u00e0 la Loire nomm\u00e9e le fleuve sauvage. Rives am\u00e9nag\u00e9es par l\u2019homme, rives \u201csauvages\u201d, les rives sont multiples, mais aussi changeantes en fonction du d\u00e9bit, de l\u2019ann\u00e9e, de la neige ou de la pluie. Rien de tel que de se laisser porter par le fleuve pour observer les rives et contempler l\u2019eau, qui transporte \u00e0 la d\u00e9rive mille objets arrach\u00e9s \u00e0 la berge par l\u2019\u00e9rosion, mis en mouvement par une crue ou jet\u00e9es par des riverains. Et puis il y a le flux du vivant, remontant ou d\u00e9valant le fleuve.<\/p>\n<p>Comment croiser la connaissance du monde fluvial avec le sensible, l\u2019intime et l\u2019imaginaire? Le projet\u00a0D\u00c9\/S\/RIVES\u00a0vise \u00e0 mettre en place des actions conjointes entre artistes, animateurs environnementaux et scientifiques dans le cadre d\u2019un projet participatif, d\u2019ateliers et de classes immersives pour sensibiliser le Grand Public aux probl\u00e9matiques li\u00e9es \u00e0 l\u2019eau et \u00e0 la biodiversit\u00e9 autour du Rh\u00f4ne et des cours d\u2019eau.<\/p>\n<p>Le projet int\u00e8gre deux r\u00e9sidences de cr\u00e9ations des artistes <a href=\"https:\/\/chloecolin.fr\"><strong><span style=\"text-decoration: underline; color: blue;\">Chlo\u00e9 Colin<\/span><\/strong><\/a> \u00ab\u00a0Divagation\u00a0\u00bb et <a href=\"https:\/\/loicxavier.com\"><strong><span style=\"text-decoration: underline; color: blue;\">Lo\u00efc Xavier<\/span><\/strong><\/a> \u00ab\u00a0S&rsquo;ils pouvaient parler, il s&rsquo;\u00e9criraient\u00a0\u00bb, un projet participatif et des ateliers.<\/p>\n<p>LE PROJET PARTICIPATIF<\/p>\n<p>Blick Photographie r\u00e9coltera jusqu\u2019en 2025 des images des fleuves Loire et Rh\u00f4ne afin de cr\u00e9er un corpus d\u2019images r\u00e9alis\u00e9 par les habitants. Munis d\u2019appareils photo argentiques, ils nous donnent \u00e0 voir le fleuve autrement. Chaque regard devient singulier et ce corpus d\u2019images constituera une v\u00e9ritable encyclop\u00e9die visuelle pour raconter le(s) fleuve(s).\u00a0Faire le choix de l\u2019argentique n\u2019est pas anodin. Les facilit\u00e9s qu\u2019offre le num\u00e9rique nous permettent de visionner et d\u2019effacer aussit\u00f4t nos images d\u00e8s lors qu\u2019elles ne satisfont pas nos crit\u00e8res esth\u00e9tiques. L\u2019utilisation de l\u2019appareil argentique, en privant d\u2019un regard imm\u00e9diat sur la photo, nous d\u00e9voile une vision du territoire plus authentique, laissant les al\u00e9as offrir un regard parfois inattendu.<\/p>\n<p>LES ATELIERS<\/p>\n<p>Les ateliers consacr\u00e9s \u00e0 la d\u00e9couverte du fleuve Rh\u00f4ne ou Loire proposent un format original qui\u00a0allie \u00e9ducation \u00e0 l\u2019environnement et cr\u00e9ation artistique. Chaque atelier est trait\u00e9\u00a0sous l\u2019angle scientifique et artistique dans une d\u00e9marche qui laisse volontairement place \u00e0 la divagation. Les \u00e9l\u00e8ves sont invit\u00e9s \u00e0 cr\u00e9er des passerelles entre r\u00e9el et imaginaire et tissent au fur et \u00e0 mesure des liens intimes avec leur territoire. Chaque journ\u00e9e d\u2019atelier est l\u2019occasion de d\u00e9couvrir une ou plusieurs techniques artistiques et de les explorer de diverses mani\u00e8res.<\/p>\n<\/div><a  href=\"https:\/\/blickphotographie.fr\/index.php\/2024\/11\/12\/derivesargentique_exposition\/\" target=\"_self\" class=\"btn pofo-button-1 button-style9  btn-link text-extra-dark-gray text-deep-pink-hover  btn-extra-large\" >VOIR L'EXPOSITION<\/a><\/div><\/div><\/div><div class=\"wpb_column vc_column_container vc_col-sm-4  col-xs-mobile-fullwidth\"><div class=\"vc_column-inner \"><div class=\"wpb_wrapper\">[vc_empty_space][vc_cta h2=\u00a0\u00bb\u00a0\u00bb txt_align=\u00a0\u00bbjustify\u00a0\u00bb style=\u00a0\u00bbcustom\u00a0\u00bb el_width=\u00a0\u00bbxl\u00a0\u00bb custom_background=\u00a0\u00bb#db32db\u00a0\u00bb]<span style=\"color: #ffffff;\"><strong>Atelier<\/strong><\/span><\/p>\n<p><span style=\"color: #ffffff;\">D\u00e9\/s\/rives<\/span><\/p>\n<p><span style=\"color: #ffffff;\"><strong>Lieu<\/strong><\/span><\/p>\n<p><span style=\"color: #ffffff;\">Coll\u00e8ge Saint-Anne Fran\u00e7ois d&rsquo;Assise \u00e0 Roanne (42300)<\/span><\/p>\n<p><span style=\"color: #ffffff;\"><strong>Intervenants<\/strong><\/span><\/p>\n<p><span style=\"color: #ffffff;\">Chlo\u00e9 Colin et Loic Xavier<\/span><\/p>\n<p><span style=\"color: #ffffff;\"><strong>Photographie<\/strong><\/span><\/p>\n<p><span style=\"color: #ffffff;\">Eco-d\u00e9l\u00e9gu\u00e9s du Coll\u00e8ge<\/span>[\/vc_cta]<\/div><\/div><\/div><div class=\"wpb_column vc_column_container vc_col-sm-6  col-xs-mobile-fullwidth\"><div class=\"vc_column-inner \"><div class=\"wpb_wrapper\">[vc_single_image image=\u00a0\u00bb27759&Prime; img_size=\u00a0\u00bblarge\u00a0\u00bb alignment=\u00a0\u00bbcenter\u00a0\u00bb][vc_empty_space height=\u00a0\u00bb30px\u00a0\u00bb][vc_single_image image=\u00a0\u00bb27736&Prime; img_size=\u00a0\u00bblarge\u00a0\u00bb alignment=\u00a0\u00bbcenter\u00a0\u00bb]<\/div><\/div><\/div><div class=\"wpb_column vc_column_container vc_col-sm-6  col-xs-mobile-fullwidth\"><div class=\"vc_column-inner \"><div class=\"wpb_wrapper\">[vc_single_image image=\u00a0\u00bb27757&Prime; img_size=\u00a0\u00bblarge\u00a0\u00bb alignment=\u00a0\u00bbcenter\u00a0\u00bb][vc_empty_space height=\u00a0\u00bb30px\u00a0\u00bb][vc_single_image image=\u00a0\u00bb27756&Prime; img_size=\u00a0\u00bblarge\u00a0\u00bb alignment=\u00a0\u00bbcenter\u00a0\u00bb]<\/div><\/div><\/div><\/section><section class=\"vc_row wpb_row vc_row-fluid  vc_custom_1763045577510 vc_row-has-fill\"><div class=\"wpb_column vc_column_container  col-xs-mobile-fullwidth\"><div class=\"vc_column-inner \"><div class=\"wpb_wrapper\"><div class=\"last-paragraph-no-margin\"><p style=\"text-align: center;\">En parall\u00e8le de la photographie, les participants se sont pr\u00eat\u00e9s au jeu de l\u2019\u00e9criture.<\/p>\n<p style=\"text-align: center;\">Tant\u00f4t narratives, tant\u00f4t po\u00e9tiques, les propositions sont tout autant vari\u00e9es et riches que les photographies.<\/p>\n<\/div>[vc_empty_space height=\u00a0\u00bb100px\u00a0\u00bb]<div class=\"last-paragraph-no-margin\"><h6>D\u00e9couvrez les r\u00e9alisations :<\/h6>\n<\/div><\/div><\/div><\/div><div class=\"wpb_column vc_column_container vc_col-sm-3  col-xs-mobile-fullwidth\"><div class=\"vc_column-inner \"><div class=\"wpb_wrapper\">[vc_single_image image=\u00a0\u00bb26347&Prime; img_size=\u00a0\u00bb300&#215;400&Prime; alignment=\u00a0\u00bbcenter\u00a0\u00bb onclick=\u00a0\u00bbcustom_link\u00a0\u00bb link=\u00a0\u00bbhttps:\/\/e.pcloud.link\/publink\/show?code=kZJTAUZwHNP3k8SSAHUzDW4WXP17bbVwB0X\u00a0\u00bb]<div class=\"featurebox1 pofo-featurebox feature-box-1 featurebox1-1\" ><div class=\"margin-15px-bottom alt-font\"><h3 class=\"text-deep-pink char-value text-medium-gray letter-spacing-minus-1 font-weight-500\" style=\"font-size:20px; \">&gt;&gt;<\/h3><span class=\"text-large text-extra-dark-gray padding-20px-left sm-padding-15px width-100 line-height-22 display-table-cell vertical-align-middle\" style=\"font-size: 20px; line-height: 20px;\" data-fontsize=\"20px\" data-lineheight=\"20px\"><a class=\"feature-title-link\" href=\"https:\/\/e.pcloud.link\/publink\/show?code=kZJTAUZwHNP3k8SSAHUzDW4WXP17bbVwB0X\">Lire Un r\u00eave perdu<\/a><\/span><\/div><\/div><\/div><\/div><\/div><div class=\"wpb_column vc_column_container vc_col-sm-3  col-xs-mobile-fullwidth\"><div class=\"vc_column-inner \"><div class=\"wpb_wrapper\">[vc_single_image image=\u00a0\u00bb26346&Prime; img_size=\u00a0\u00bb300&#215;400&Prime; alignment=\u00a0\u00bbcenter\u00a0\u00bb onclick=\u00a0\u00bbcustom_link\u00a0\u00bb link=\u00a0\u00bbhttps:\/\/e.pcloud.link\/publink\/show?code=kZJTAUZwHNP3k8SSAHUzDW4WXP17bbVwB0X\u00a0\u00bb]<div class=\"featurebox1 pofo-featurebox feature-box-1 featurebox1-2\" ><div class=\"margin-15px-bottom alt-font\"><h3 class=\"text-deep-pink char-value text-medium-gray letter-spacing-minus-1 font-weight-500\" style=\"font-size:20px; \">&gt;&gt;<\/h3><span class=\"text-large text-extra-dark-gray padding-20px-left sm-padding-15px width-100 line-height-22 display-table-cell vertical-align-middle\" style=\"font-size: 20px; line-height: 20px;\" data-fontsize=\"20px\" data-lineheight=\"20px\"><a class=\"feature-title-link\" href=\"https:\/\/e.pcloud.link\/publink\/show?code=kZJTAUZwHNP3k8SSAHUzDW4WXP17bbVwB0X\">Lire Notre fleuve bien aim\u00e9<\/a><\/span><\/div><\/div><\/div><\/div><\/div><div class=\"wpb_column vc_column_container vc_col-sm-3  col-xs-mobile-fullwidth\"><div class=\"vc_column-inner \"><div class=\"wpb_wrapper\">[vc_single_image image=\u00a0\u00bb26344&Prime; img_size=\u00a0\u00bb300&#215;400&Prime; alignment=\u00a0\u00bbcenter\u00a0\u00bb onclick=\u00a0\u00bbcustom_link\u00a0\u00bb link=\u00a0\u00bbhttps:\/\/e.pcloud.link\/publink\/show?code=kZJTAUZwHNP3k8SSAHUzDW4WXP17bbVwB0X\u00a0\u00bb]<div class=\"featurebox1 pofo-featurebox feature-box-1 featurebox1-3\" ><div class=\"margin-15px-bottom alt-font\"><h3 class=\"text-deep-pink char-value text-medium-gray letter-spacing-minus-1 font-weight-500\" style=\"font-size:20px; \">&gt;&gt;<\/h3><span class=\"text-large text-extra-dark-gray padding-20px-left sm-padding-15px width-100 line-height-22 display-table-cell vertical-align-middle\" style=\"font-size: 20px; line-height: 20px;\" data-fontsize=\"20px\" data-lineheight=\"20px\"><a class=\"feature-title-link\" href=\"https:\/\/e.pcloud.link\/publink\/show?code=kZJTAUZwHNP3k8SSAHUzDW4WXP17bbVwB0X\">Lire Les mille aspects de l'eau<\/a><\/span><\/div><\/div><\/div><\/div><\/div><div class=\"wpb_column vc_column_container vc_col-sm-3  col-xs-mobile-fullwidth\"><div class=\"vc_column-inner \"><div class=\"wpb_wrapper\">[vc_single_image image=\u00a0\u00bb26345&Prime; img_size=\u00a0\u00bb300&#215;400&Prime; alignment=\u00a0\u00bbcenter\u00a0\u00bb onclick=\u00a0\u00bbcustom_link\u00a0\u00bb link=\u00a0\u00bbhttps:\/\/e.pcloud.link\/publink\/show?code=kZJTAUZwHNP3k8SSAHUzDW4WXP17bbVwB0X\u00a0\u00bb]<div class=\"featurebox1 pofo-featurebox feature-box-1 featurebox1-4\" ><div class=\"margin-15px-bottom alt-font\"><h3 class=\"text-deep-pink char-value text-medium-gray letter-spacing-minus-1 font-weight-500\" style=\"font-size:20px; \">&gt;&gt;<\/h3><span class=\"text-large text-extra-dark-gray padding-20px-left sm-padding-15px width-100 line-height-22 display-table-cell vertical-align-middle\" style=\"font-size: 20px; line-height: 20px;\" data-fontsize=\"20px\" data-lineheight=\"20px\"><a class=\"feature-title-link\" href=\"https:\/\/e.pcloud.link\/publink\/show?code=kZJTAUZwHNP3k8SSAHUzDW4WXP17bbVwB0X\">Lire Un r\u00eave perdu<\/a><\/span><\/div><\/div><\/div><\/div><\/div><\/section>\n","protected":false},"excerpt":{"rendered":"AtelierD\u00e9\/s\/rives - Photographies \u00e0 l'argentique le long de la loire. R\u00e9aliser un projet artistique autour du fleuve, permet de questionner sa perception au monde et \u00e0 l\u2019environnement qui nous entoure. L\u2019art travaille la r\u00e9alit\u00e9 existante par le surgissement d\u2019un nouveau signifiant. D\u2019une rive \u00e0 l\u2019autre du fleuve, le Rh\u00f4ne constitue dans toute sa longueur une fronti\u00e8re, une limite de communes, de d\u00e9partements, de r\u00e9gions, voire d\u2019\u00c9tats. Au d\u00e9but du XIX\u00e8me\u00a0si\u00e8cle, il n\u2019existait que 14 ponts entre Gen\u00e8ve et la M\u00e9diterran\u00e9e. Fleuve connu pour sa puissance, sa travers\u00e9e \u00e9tait historiquement p\u00e9rilleuse. Aujourd\u2019hui, franchir le Rh\u00f4ne semble \u00eatre une formalit\u00e9. Le courant fort et continu a c\u00e9d\u00e9 place \u00e0 des tron\u00e7ons presque plats s\u00e9par\u00e9s par des barrages et autres usines hydro\u00e9lectriques, \u00e0 tel point qu\u2019on parle de Rh\u00f4ne domestiqu\u00e9, peut \u00eatre par opposition \u00e0 la Loire nomm\u00e9e le fleuve sauvage. Rives am\u00e9nag\u00e9es par l\u2019homme, rives \u201csauvages\u201d, les rives sont multiples, mais aussi changeantes en fonction du d\u00e9bit, de l\u2019ann\u00e9e, de la neige ou de la pluie. Rien de tel que de se laisser porter par le fleuve pour observer les rives et contempler l\u2019eau, qui transporte \u00e0 la d\u00e9rive mille objets arrach\u00e9s \u00e0 la berge par l\u2019\u00e9rosion, mis en mouvement par une...","protected":false},"author":1,"featured_media":26340,"comment_status":"closed","ping_status":"open","sticky":false,"template":"","format":"standard","meta":[],"categories":[8],"tags":[175,110,195,253,197,161,163,198,157,162],"yoast_head":"<!-- This site is optimized with the Yoast SEO plugin v20.6 - https:\/\/yoast.com\/wordpress\/plugins\/seo\/ -->\n<title>Coll\u00e8ge Saint-Anne Fran\u00e7ois d&#039;Assise - Blick Photographie<\/title>\n<meta name=\"robots\" content=\"index, follow, max-snippet:-1, max-image-preview:large, max-video-preview:-1\" \/>\n<link rel=\"canonical\" href=\"https:\/\/blickphotographie.fr\/index.php\/2025\/10\/15\/lycee-fernand-forrest-saint-priest-2-4\/\" \/>\n<meta property=\"og:locale\" content=\"fr_FR\" \/>\n<meta property=\"og:type\" content=\"article\" \/>\n<meta property=\"og:title\" content=\"Coll\u00e8ge Saint-Anne Fran\u00e7ois d&#039;Assise - Blick Photographie\" \/>\n<meta property=\"og:url\" content=\"https:\/\/blickphotographie.fr\/index.php\/2025\/10\/15\/lycee-fernand-forrest-saint-priest-2-4\/\" \/>\n<meta property=\"og:site_name\" content=\"Blick Photographie\" \/>\n<meta property=\"article:published_time\" content=\"2025-10-15T16:01:46+00:00\" \/>\n<meta property=\"article:modified_time\" content=\"2025-11-14T10:19:35+00:00\" \/>\n<meta property=\"og:image\" content=\"https:\/\/blickphotographie.fr\/wp-content\/uploads\/2025\/10\/Capture-decran-2025-10-15-175135.png\" \/>\n\t<meta property=\"og:image:width\" content=\"368\" \/>\n\t<meta property=\"og:image:height\" content=\"554\" \/>\n\t<meta property=\"og:image:type\" content=\"image\/png\" \/>\n<meta name=\"author\" content=\"admin8175\" \/>\n<meta name=\"twitter:card\" content=\"summary_large_image\" \/>\n<meta name=\"twitter:label1\" content=\"\u00c9crit par\" \/>\n\t<meta name=\"twitter:data1\" content=\"admin8175\" \/>\n\t<meta name=\"twitter:label2\" content=\"Dur\u00e9e de lecture estim\u00e9e\" \/>\n\t<meta name=\"twitter:data2\" content=\"4 minutes\" \/>\n<script type=\"application\/ld+json\" class=\"yoast-schema-graph\">{\"@context\":\"https:\/\/schema.org\",\"@graph\":[{\"@type\":\"Article\",\"@id\":\"https:\/\/blickphotographie.fr\/index.php\/2025\/10\/15\/lycee-fernand-forrest-saint-priest-2-4\/#article\",\"isPartOf\":{\"@id\":\"https:\/\/blickphotographie.fr\/index.php\/2025\/10\/15\/lycee-fernand-forrest-saint-priest-2-4\/\"},\"author\":{\"name\":\"admin8175\",\"@id\":\"https:\/\/blickphotographie.fr\/#\/schema\/person\/92762c5266ee31dd124449e34c3a3b5a\"},\"headline\":\"Coll\u00e8ge Saint-Anne Fran\u00e7ois d&rsquo;Assise\",\"datePublished\":\"2025-10-15T16:01:46+00:00\",\"dateModified\":\"2025-11-14T10:19:35+00:00\",\"mainEntityOfPage\":{\"@id\":\"https:\/\/blickphotographie.fr\/index.php\/2025\/10\/15\/lycee-fernand-forrest-saint-priest-2-4\/\"},\"wordCount\":1362,\"publisher\":{\"@id\":\"https:\/\/blickphotographie.fr\/#organization\"},\"keywords\":[\"Atelier\",\"blick\",\"blick photographie\",\"coll\u00e8ge Saint-Anne Fran\u00e7ois d'Assise\",\"d\u00e9rives\",\"fleuve\",\"Loire\",\"photographie argentique\",\"r\u00e9gion Auvergne-Rh\u00f4ne-Alpes\",\"Rh\u00f4ne\"],\"articleSection\":[\"Atelier\"],\"inLanguage\":\"fr-FR\"},{\"@type\":\"WebPage\",\"@id\":\"https:\/\/blickphotographie.fr\/index.php\/2025\/10\/15\/lycee-fernand-forrest-saint-priest-2-4\/\",\"url\":\"https:\/\/blickphotographie.fr\/index.php\/2025\/10\/15\/lycee-fernand-forrest-saint-priest-2-4\/\",\"name\":\"Coll\u00e8ge Saint-Anne Fran\u00e7ois d'Assise - Blick Photographie\",\"isPartOf\":{\"@id\":\"https:\/\/blickphotographie.fr\/#website\"},\"datePublished\":\"2025-10-15T16:01:46+00:00\",\"dateModified\":\"2025-11-14T10:19:35+00:00\",\"breadcrumb\":{\"@id\":\"https:\/\/blickphotographie.fr\/index.php\/2025\/10\/15\/lycee-fernand-forrest-saint-priest-2-4\/#breadcrumb\"},\"inLanguage\":\"fr-FR\",\"potentialAction\":[{\"@type\":\"ReadAction\",\"target\":[\"https:\/\/blickphotographie.fr\/index.php\/2025\/10\/15\/lycee-fernand-forrest-saint-priest-2-4\/\"]}]},{\"@type\":\"BreadcrumbList\",\"@id\":\"https:\/\/blickphotographie.fr\/index.php\/2025\/10\/15\/lycee-fernand-forrest-saint-priest-2-4\/#breadcrumb\",\"itemListElement\":[{\"@type\":\"ListItem\",\"position\":1,\"name\":\"Accueil\",\"item\":\"https:\/\/blickphotographie.fr\/\"},{\"@type\":\"ListItem\",\"position\":2,\"name\":\"Coll\u00e8ge Saint-Anne Fran\u00e7ois d&rsquo;Assise\"}]},{\"@type\":\"WebSite\",\"@id\":\"https:\/\/blickphotographie.fr\/#website\",\"url\":\"https:\/\/blickphotographie.fr\/\",\"name\":\"Blick Photographie\",\"description\":\"\",\"publisher\":{\"@id\":\"https:\/\/blickphotographie.fr\/#organization\"},\"potentialAction\":[{\"@type\":\"SearchAction\",\"target\":{\"@type\":\"EntryPoint\",\"urlTemplate\":\"https:\/\/blickphotographie.fr\/?s={search_term_string}\"},\"query-input\":\"required name=search_term_string\"}],\"inLanguage\":\"fr-FR\"},{\"@type\":\"Organization\",\"@id\":\"https:\/\/blickphotographie.fr\/#organization\",\"name\":\"Blick Photographie\",\"url\":\"https:\/\/blickphotographie.fr\/\",\"logo\":{\"@type\":\"ImageObject\",\"inLanguage\":\"fr-FR\",\"@id\":\"https:\/\/blickphotographie.fr\/#\/schema\/logo\/image\/\",\"url\":\"https:\/\/blickphotographie.fr\/wp-content\/uploads\/2021\/10\/cropped-Logo-Site-Web-Seul.jpg\",\"contentUrl\":\"https:\/\/blickphotographie.fr\/wp-content\/uploads\/2021\/10\/cropped-Logo-Site-Web-Seul.jpg\",\"width\":139,\"height\":150,\"caption\":\"Blick Photographie\"},\"image\":{\"@id\":\"https:\/\/blickphotographie.fr\/#\/schema\/logo\/image\/\"}},{\"@type\":\"Person\",\"@id\":\"https:\/\/blickphotographie.fr\/#\/schema\/person\/92762c5266ee31dd124449e34c3a3b5a\",\"name\":\"admin8175\",\"image\":{\"@type\":\"ImageObject\",\"inLanguage\":\"fr-FR\",\"@id\":\"https:\/\/blickphotographie.fr\/#\/schema\/person\/image\/\",\"url\":\"https:\/\/secure.gravatar.com\/avatar\/51218f7e9ab6b8d77ba7213a9aa3856c?s=96&d=mm&r=g\",\"contentUrl\":\"https:\/\/secure.gravatar.com\/avatar\/51218f7e9ab6b8d77ba7213a9aa3856c?s=96&d=mm&r=g\",\"caption\":\"admin8175\"},\"sameAs\":[\"http:\/\/blickphotographie.fr\"],\"url\":\"https:\/\/blickphotographie.fr\/index.php\/author\/admin8175\/\"}]}<\/script>\n<!-- \/ Yoast SEO plugin. -->","yoast_head_json":{"title":"Coll\u00e8ge Saint-Anne Fran\u00e7ois d'Assise - Blick Photographie","robots":{"index":"index","follow":"follow","max-snippet":"max-snippet:-1","max-image-preview":"max-image-preview:large","max-video-preview":"max-video-preview:-1"},"canonical":"https:\/\/blickphotographie.fr\/index.php\/2025\/10\/15\/lycee-fernand-forrest-saint-priest-2-4\/","og_locale":"fr_FR","og_type":"article","og_title":"Coll\u00e8ge Saint-Anne Fran\u00e7ois d'Assise - Blick Photographie","og_url":"https:\/\/blickphotographie.fr\/index.php\/2025\/10\/15\/lycee-fernand-forrest-saint-priest-2-4\/","og_site_name":"Blick Photographie","article_published_time":"2025-10-15T16:01:46+00:00","article_modified_time":"2025-11-14T10:19:35+00:00","og_image":[{"width":368,"height":554,"url":"https:\/\/blickphotographie.fr\/wp-content\/uploads\/2025\/10\/Capture-decran-2025-10-15-175135.png","type":"image\/png"}],"author":"admin8175","twitter_card":"summary_large_image","twitter_misc":{"\u00c9crit par":"admin8175","Dur\u00e9e de lecture estim\u00e9e":"4 minutes"},"schema":{"@context":"https:\/\/schema.org","@graph":[{"@type":"Article","@id":"https:\/\/blickphotographie.fr\/index.php\/2025\/10\/15\/lycee-fernand-forrest-saint-priest-2-4\/#article","isPartOf":{"@id":"https:\/\/blickphotographie.fr\/index.php\/2025\/10\/15\/lycee-fernand-forrest-saint-priest-2-4\/"},"author":{"name":"admin8175","@id":"https:\/\/blickphotographie.fr\/#\/schema\/person\/92762c5266ee31dd124449e34c3a3b5a"},"headline":"Coll\u00e8ge Saint-Anne Fran\u00e7ois d&rsquo;Assise","datePublished":"2025-10-15T16:01:46+00:00","dateModified":"2025-11-14T10:19:35+00:00","mainEntityOfPage":{"@id":"https:\/\/blickphotographie.fr\/index.php\/2025\/10\/15\/lycee-fernand-forrest-saint-priest-2-4\/"},"wordCount":1362,"publisher":{"@id":"https:\/\/blickphotographie.fr\/#organization"},"keywords":["Atelier","blick","blick photographie","coll\u00e8ge Saint-Anne Fran\u00e7ois d'Assise","d\u00e9rives","fleuve","Loire","photographie argentique","r\u00e9gion Auvergne-Rh\u00f4ne-Alpes","Rh\u00f4ne"],"articleSection":["Atelier"],"inLanguage":"fr-FR"},{"@type":"WebPage","@id":"https:\/\/blickphotographie.fr\/index.php\/2025\/10\/15\/lycee-fernand-forrest-saint-priest-2-4\/","url":"https:\/\/blickphotographie.fr\/index.php\/2025\/10\/15\/lycee-fernand-forrest-saint-priest-2-4\/","name":"Coll\u00e8ge Saint-Anne Fran\u00e7ois d'Assise - Blick Photographie","isPartOf":{"@id":"https:\/\/blickphotographie.fr\/#website"},"datePublished":"2025-10-15T16:01:46+00:00","dateModified":"2025-11-14T10:19:35+00:00","breadcrumb":{"@id":"https:\/\/blickphotographie.fr\/index.php\/2025\/10\/15\/lycee-fernand-forrest-saint-priest-2-4\/#breadcrumb"},"inLanguage":"fr-FR","potentialAction":[{"@type":"ReadAction","target":["https:\/\/blickphotographie.fr\/index.php\/2025\/10\/15\/lycee-fernand-forrest-saint-priest-2-4\/"]}]},{"@type":"BreadcrumbList","@id":"https:\/\/blickphotographie.fr\/index.php\/2025\/10\/15\/lycee-fernand-forrest-saint-priest-2-4\/#breadcrumb","itemListElement":[{"@type":"ListItem","position":1,"name":"Accueil","item":"https:\/\/blickphotographie.fr\/"},{"@type":"ListItem","position":2,"name":"Coll\u00e8ge Saint-Anne Fran\u00e7ois d&rsquo;Assise"}]},{"@type":"WebSite","@id":"https:\/\/blickphotographie.fr\/#website","url":"https:\/\/blickphotographie.fr\/","name":"Blick Photographie","description":"","publisher":{"@id":"https:\/\/blickphotographie.fr\/#organization"},"potentialAction":[{"@type":"SearchAction","target":{"@type":"EntryPoint","urlTemplate":"https:\/\/blickphotographie.fr\/?s={search_term_string}"},"query-input":"required name=search_term_string"}],"inLanguage":"fr-FR"},{"@type":"Organization","@id":"https:\/\/blickphotographie.fr\/#organization","name":"Blick Photographie","url":"https:\/\/blickphotographie.fr\/","logo":{"@type":"ImageObject","inLanguage":"fr-FR","@id":"https:\/\/blickphotographie.fr\/#\/schema\/logo\/image\/","url":"https:\/\/blickphotographie.fr\/wp-content\/uploads\/2021\/10\/cropped-Logo-Site-Web-Seul.jpg","contentUrl":"https:\/\/blickphotographie.fr\/wp-content\/uploads\/2021\/10\/cropped-Logo-Site-Web-Seul.jpg","width":139,"height":150,"caption":"Blick Photographie"},"image":{"@id":"https:\/\/blickphotographie.fr\/#\/schema\/logo\/image\/"}},{"@type":"Person","@id":"https:\/\/blickphotographie.fr\/#\/schema\/person\/92762c5266ee31dd124449e34c3a3b5a","name":"admin8175","image":{"@type":"ImageObject","inLanguage":"fr-FR","@id":"https:\/\/blickphotographie.fr\/#\/schema\/person\/image\/","url":"https:\/\/secure.gravatar.com\/avatar\/51218f7e9ab6b8d77ba7213a9aa3856c?s=96&d=mm&r=g","contentUrl":"https:\/\/secure.gravatar.com\/avatar\/51218f7e9ab6b8d77ba7213a9aa3856c?s=96&d=mm&r=g","caption":"admin8175"},"sameAs":["http:\/\/blickphotographie.fr"],"url":"https:\/\/blickphotographie.fr\/index.php\/author\/admin8175\/"}]}},"_links":{"self":[{"href":"https:\/\/blickphotographie.fr\/index.php\/wp-json\/wp\/v2\/posts\/26331"}],"collection":[{"href":"https:\/\/blickphotographie.fr\/index.php\/wp-json\/wp\/v2\/posts"}],"about":[{"href":"https:\/\/blickphotographie.fr\/index.php\/wp-json\/wp\/v2\/types\/post"}],"author":[{"embeddable":true,"href":"https:\/\/blickphotographie.fr\/index.php\/wp-json\/wp\/v2\/users\/1"}],"replies":[{"embeddable":true,"href":"https:\/\/blickphotographie.fr\/index.php\/wp-json\/wp\/v2\/comments?post=26331"}],"version-history":[{"count":17,"href":"https:\/\/blickphotographie.fr\/index.php\/wp-json\/wp\/v2\/posts\/26331\/revisions"}],"predecessor-version":[{"id":27814,"href":"https:\/\/blickphotographie.fr\/index.php\/wp-json\/wp\/v2\/posts\/26331\/revisions\/27814"}],"wp:featuredmedia":[{"embeddable":true,"href":"https:\/\/blickphotographie.fr\/index.php\/wp-json\/wp\/v2\/media\/26340"}],"wp:attachment":[{"href":"https:\/\/blickphotographie.fr\/index.php\/wp-json\/wp\/v2\/media?parent=26331"}],"wp:term":[{"taxonomy":"category","embeddable":true,"href":"https:\/\/blickphotographie.fr\/index.php\/wp-json\/wp\/v2\/categories?post=26331"},{"taxonomy":"post_tag","embeddable":true,"href":"https:\/\/blickphotographie.fr\/index.php\/wp-json\/wp\/v2\/tags?post=26331"}],"curies":[{"name":"wp","href":"https:\/\/api.w.org\/{rel}","templated":true}]}}